{"id":41,"date":"2021-11-20T15:31:33","date_gmt":"2021-11-20T15:31:33","guid":{"rendered":"https:\/\/fundacioncolmenar.org\/?p=41"},"modified":"2021-11-20T20:13:24","modified_gmt":"2021-11-20T20:13:24","slug":"acompanamiento","status":"publish","type":"post","link":"https:\/\/fundacioncolmenar.org\/index.php\/2021\/11\/20\/acompanamiento\/","title":{"rendered":"Acompa\u00f1amiento"},"content":{"rendered":"\n<p>Ante la situaci\u00f3n de salud que est\u00e1 atravesando nuestro querido Miguel Angel Demarchi, estamos convocando a todos sus conocidos y amigos para poder acompa\u00f1arlo en este tr\u00e1nsito. Elevemos nuestras oraciones para que mejore su salud.<br>Quienes quieran y puedan colaborar se est\u00e1n recibiendo donaciones ya que se necesitan fondos para costear estudios, acompa\u00f1amiento terap\u00e9utico, medicamentos antropos\u00f3ficos, etc.<\/p>\n\n\n\n<p>Para realizar su aporte, tenemos esta tres alternativas:<\/p>\n\n\n\n<p><em>Desde Argentina<\/em><br>BANCO NACION<br>Titular: <strong>Miguel Angel Demarchi<\/strong><br>CUIT: 20-06251395-1<br>CBU: <strong>0110316630031611517833<\/strong><br>ALIAS: <strong>miguelangeldemarchi<\/strong><\/p>\n\n\n\n<p>MERCADO PAGO<br>Titular: <strong>Miguel Angel Demarch<\/strong>i<br>CVU: <strong>0000003100011494539305<\/strong><br>ALIAS: <strong>migueldemarchi.mp<\/strong><\/p>\n\n\n\n<p><em>Desde el exterior<\/em><br>PAYPAL -&gt; <strong>@MiguelAngelDemarchi<\/strong><br><a href=\"https:\/\/www.paypal.com\/paypalme\/MiguelAngelDemarchi\">https:\/\/www.paypal.com\/paypalme\/MiguelAngelDemarchi<\/a><\/p>\n\n\n\n<p>WESTERN UNION<br><strong>Sergio Daniel Majeras<\/strong><br>(Avisar para coordinar retiros)<\/p>\n\n\n\n<p>Organizan:<br>Participantes de sus grupos de estudio y amigos<\/p>\n\n\n\n<p>Cualquier duda, comunicarse con<br><strong><em>Sergio D. Majeras<\/em><\/strong><br><strong>+5491151794009<\/strong><br><strong><a href=\"https:\/\/wa.me\/5491151794009\">https:\/\/wa.me\/5491151794009<\/a><\/strong><\/p>\n","protected":false},"excerpt":{"rendered":"<p>Ante la situaci\u00f3n de salud que est\u00e1 atravesando nuestro querido Miguel Angel Demarchi, estamos convocando a todos sus conocidos y amigos para poder acompa\u00f1arlo en este tr\u00e1nsito. Elevemos nuestras oraciones para que mejore su salud.Quienes quieran y puedan colaborar se est\u00e1n recibiendo donaciones ya que se necesitan fondos para costear estudios, acompa\u00f1amiento terap\u00e9utico, medicamentos antropos\u00f3ficos, [&hellip;]<\/p>\n","protected":false},"author":1,"featured_media":0,"comment_status":"closed","ping_status":"closed","sticky":false,"template":"","format":"standard","meta":[],"categories":[1],"tags":[],"_links":{"self":[{"href":"https:\/\/fundacioncolmenar.org\/index.php\/wp-json\/wp\/v2\/posts\/41"}],"collection":[{"href":"https:\/\/fundacioncolmenar.org\/index.php\/wp-json\/wp\/v2\/posts"}],"about":[{"href":"https:\/\/fundacioncolmenar.org\/index.php\/wp-json\/wp\/v2\/types\/post"}],"author":[{"embeddable":true,"href":"https:\/\/fundacioncolmenar.org\/index.php\/wp-json\/wp\/v2\/users\/1"}],"replies":[{"embeddable":true,"href":"https:\/\/fundacioncolmenar.org\/index.php\/wp-json\/wp\/v2\/comments?post=41"}],"version-history":[{"count":3,"href":"https:\/\/fundacioncolmenar.org\/index.php\/wp-json\/wp\/v2\/posts\/41\/revisions"}],"predecessor-version":[{"id":50,"href":"https:\/\/fundacioncolmenar.org\/index.php\/wp-json\/wp\/v2\/posts\/41\/revisions\/50"}],"wp:attachment":[{"href":"https:\/\/fundacioncolmenar.org\/index.php\/wp-json\/wp\/v2\/media?parent=41"}],"wp:term":[{"taxonomy":"category","embeddable":true,"href":"https:\/\/fundacioncolmenar.org\/index.php\/wp-json\/wp\/v2\/categories?post=41"},{"taxonomy":"post_tag","embeddable":true,"href":"https:\/\/fundacioncolmenar.org\/index.php\/wp-json\/wp\/v2\/tags?post=41"}],"curies":[{"name":"wp","href":"https:\/\/api.w.org\/{rel}","templated":true}]}}