{"id":53,"date":"2021-11-24T17:45:09","date_gmt":"2021-11-24T17:45:09","guid":{"rendered":"https:\/\/fundacioncolmenar.org\/?p=53"},"modified":"2021-11-24T17:45:09","modified_gmt":"2021-11-24T17:45:09","slug":"novedades-al-24-11-2021","status":"publish","type":"post","link":"https:\/\/fundacioncolmenar.org\/index.php\/2021\/11\/24\/novedades-al-24-11-2021\/","title":{"rendered":"Novedades al 24.11.2021"},"content":{"rendered":"\n<p>Miguel se mantiene en un estado delicado de salud con una lenta pero constante mejor\u00eda.<\/p>\n\n\n\n<p>Todav\u00eda no hay un diagn\u00f3stico cerrado ya que es necesario que recupere su fuerza vital para movilizarlo y hacerle varios estudios m\u00e1s.<\/p>\n\n\n\n<p>Desde ya, estamos muy agradecidos por las muestras de cari\u00f1o y las oraciones elevadas que nos est\u00e1n llegando desde todos los rincones por donde estuvo Miguel, tanto f\u00edsica como virtualmente.<\/p>\n\n\n\n<p>Con respecto a los aportes econ\u00f3micos recibidos, queremos contarles que los mismos ya est\u00e1n siendo aplicados a los enfermeros y terap\u00e9utas que lo asisten diariamente (d\u00eda y noche) y a los dos estudios de alta complejidad que se realizar\u00e1n apenas sea posible.<\/p>\n\n\n\n<p>Agradecemos el inter\u00e9s y la paciencia que est\u00e1n teniendo ante esta situaci\u00f3n y seguiremos cuidando como hasta ahora de este proceso que \u00e9l est\u00e1 atravesando.<\/p>\n\n\n\n<p>Seguiremos comunicando por esta v\u00eda. Gracias!<\/p>\n","protected":false},"excerpt":{"rendered":"<p>Miguel se mantiene en un estado delicado de salud con una lenta pero constante mejor\u00eda. Todav\u00eda no hay un diagn\u00f3stico cerrado ya que es necesario que recupere su fuerza vital para movilizarlo y hacerle varios estudios m\u00e1s. Desde ya, estamos muy agradecidos por las muestras de cari\u00f1o y las oraciones elevadas que nos est\u00e1n llegando [&hellip;]<\/p>\n","protected":false},"author":2,"featured_media":0,"comment_status":"closed","ping_status":"","sticky":false,"template":"","format":"standard","meta":[],"categories":[1],"tags":[],"_links":{"self":[{"href":"https:\/\/fundacioncolmenar.org\/index.php\/wp-json\/wp\/v2\/posts\/53"}],"collection":[{"href":"https:\/\/fundacioncolmenar.org\/index.php\/wp-json\/wp\/v2\/posts"}],"about":[{"href":"https:\/\/fundacioncolmenar.org\/index.php\/wp-json\/wp\/v2\/types\/post"}],"author":[{"embeddable":true,"href":"https:\/\/fundacioncolmenar.org\/index.php\/wp-json\/wp\/v2\/users\/2"}],"replies":[{"embeddable":true,"href":"https:\/\/fundacioncolmenar.org\/index.php\/wp-json\/wp\/v2\/comments?post=53"}],"version-history":[{"count":1,"href":"https:\/\/fundacioncolmenar.org\/index.php\/wp-json\/wp\/v2\/posts\/53\/revisions"}],"predecessor-version":[{"id":54,"href":"https:\/\/fundacioncolmenar.org\/index.php\/wp-json\/wp\/v2\/posts\/53\/revisions\/54"}],"wp:attachment":[{"href":"https:\/\/fundacioncolmenar.org\/index.php\/wp-json\/wp\/v2\/media?parent=53"}],"wp:term":[{"taxonomy":"category","embeddable":true,"href":"https:\/\/fundacioncolmenar.org\/index.php\/wp-json\/wp\/v2\/categories?post=53"},{"taxonomy":"post_tag","embeddable":true,"href":"https:\/\/fundacioncolmenar.org\/index.php\/wp-json\/wp\/v2\/tags?post=53"}],"curies":[{"name":"wp","href":"https:\/\/api.w.org\/{rel}","templated":true}]}}